{"id":40,"date":"2026-08-20T15:35:23","date_gmt":"2026-08-20T13:35:23","guid":{"rendered":"https:\/\/nieznajdzieszmnieposladachstop.pl\/?p=40"},"modified":"2026-08-21T14:57:06","modified_gmt":"2026-08-21T12:57:06","slug":"nie-znajdziesz-mnie-po-sladach-stop-opinie-czytelnikow-i-recenzje","status":"publish","type":"post","link":"https:\/\/nieznajdzieszmnieposladachstop.pl\/?p=40","title":{"rendered":"\u201eNie znajdziesz mnie po \u015bladach st\u00f3p\u201d \u2013 opinie czytelnik\u00f3w i recenzje"},"content":{"rendered":"\n<p class=\"wp-block-paragraph\">Ksi\u0105\u017cka <strong>\u201eNie znajdziesz mnie po \u015bladach st\u00f3p\u201d<\/strong> Sylwii B\u0142ach, z ilustracjami Karoliny Jeske, od pocz\u0105tku wywo\u0142uje rozmowy. To opowie\u015b\u0107 dla dzieci, ale r\u00f3wnie\u017c dla doros\u0142ych, kt\u00f3rzy chc\u0105 m\u0105drze i bez skr\u0119powania rozmawia\u0107 o niepe\u0142nosprawno\u015bci, codzienno\u015bci oraz r\u00f3\u017cnorodno\u015bci.<\/p>\n\n\n\n<p class=\"wp-block-paragraph\">Na LubimyCzyta\u0107 ksi\u0105\u017cka osi\u0105ga \u015bredni\u0105 <strong>8,9\/10<\/strong> na podstawie 28 ocen i 13 opinii (stan na 20 sierpnia 2026). Czytelnicy zwracaj\u0105 uwag\u0119 na ciep\u0142y, niesensacyjny spos\u00f3b opowiadania o \u017cyciu na w\u00f3zku, obecno\u015b\u0107 humoru i obrazowy j\u0119zyk. Pe\u0142ne opinie mo\u017cna przeczyta\u0107 na stronie <a href=\"https:\/\/lubimyczytac.pl\/ksiazka\/5214819\/nie-znajdziesz-mnie-po-sladach-stop\" target=\"_blank\" rel=\"noopener noreferrer\">LubimyCzyta\u0107<\/a>.<\/p>\n\n\n\n<h2 class=\"wp-block-heading\">Co wybrzmiewa w recenzjach?<\/h2>\n\n\n\n<p class=\"wp-block-paragraph\">W recenzjach powraca przekonanie, \u017ce ksi\u0105\u017cka nie stawia diagnoz ani nie wyg\u0142asza gotowych mora\u0142\u00f3w. Zamiast tego zaprasza do s\u0142uchania. Tekst wychodzi od prostego pytania dziecka: \u201eJak to jest je\u017adzi\u0107 na w\u00f3zku?\u201d, a odpowiedzi prowadz\u0105 przez wspomnienia, emocje i zwyczajne sytuacje.<\/p>\n\n\n\n<p class=\"wp-block-paragraph\">Recenzentka Bajkoch\u0142onki nazwa\u0142a ksi\u0105\u017ck\u0119 poetyck\u0105 opowie\u015bci\u0105 o niepe\u0142nosprawno\u015bci, empatii i to\u017csamo\u015bci. Zwr\u00f3ci\u0142a te\u017c uwag\u0119 na motyw ptak\u00f3w, kt\u00f3re staj\u0105 si\u0119 pos\u0142a\u0144cami wspomnie\u0144, oraz na ko\u0144cowe zadania zach\u0119caj\u0105ce do rozmowy i autorefleksji. <a href=\"https:\/\/bajkochlonka.pl\/2026\/02\/02\/nie-znajdziesz-mnie-po-sladach-stop-recenzja-poetyckiej-ksiazki-dla-dzieci-o-niepelnosprawnosci\/\" target=\"_blank\" rel=\"noopener noreferrer\">Przeczytaj ca\u0142\u0105 recenzj\u0119<\/a>.<\/p>\n\n\n\n<p class=\"wp-block-paragraph\">Autorka recenzji w serwisie wNaszejBajce podkre\u015bla natomiast, \u017ce ksi\u0105\u017cka trafia do dzieci ju\u017c od 5. roku \u017cycia, a zarazem do rodzic\u00f3w, nauczycieli i opiekun\u00f3w. W jej ocenie wa\u017cne jest zw\u0142aszcza to, \u017ce opowie\u015b\u0107 m\u00f3wi o niepe\u0142nosprawno\u015bci bez patosu i moralizowania. <a href=\"https:\/\/wnaszejbajce.pl\/nie-znajdziesz-mnie-po-sladach-stop-sylwia-blach-karolina-jeske-wydawnictwo-albus\/\" target=\"_blank\" rel=\"noopener noreferrer\">Zobacz recenzj\u0119<\/a>.<\/p>\n\n\n\n<p class=\"wp-block-paragraph\">W podobnym duchu pisze Aktywne Czytanie: ksi\u0105\u017cka mo\u017ce otwiera\u0107 prawdziw\u0105 rozmow\u0119 o \u017cyciu na w\u00f3zku, emocjach i codzienno\u015bci, a delikatne ilustracje Karoliny Jeske dope\u0142niaj\u0105 t\u0119 perspektyw\u0119. <a href=\"https:\/\/aktywneczytanie.pl\/jak-rozmawiac-z-dziecmi-o-niepelnosprawnosci-recenzja-ksiazki-nie-znajdziesz-mnie-po-sladach-stop-albus\/\" target=\"_blank\" rel=\"noopener noreferrer\">Poznaj om\u00f3wienie<\/a>.<\/p>\n\n\n\n<h2 class=\"wp-block-heading\">Ksi\u0105\u017cka do wsp\u00f3lnego czytania<\/h2>\n\n\n\n<p class=\"wp-block-paragraph\">To lektura, po kt\u00f3rej warto na chwil\u0119 zosta\u0107 razem. Zapyta\u0107, co zdziwi\u0142o, rozbawi\u0142o albo poruszy\u0142o. Nie po to, aby znale\u017a\u0107 jedn\u0105 poprawn\u0105 odpowied\u017a, lecz aby oswoi\u0107 pytania i zauwa\u017cy\u0107 w drugim cz\u0142owieku co\u015b wi\u0119cej ni\u017c to, co wida\u0107 na pierwszy rzut oka.<\/p>\n\n\n\n<p class=\"wp-block-paragraph\"><a href=\"https:\/\/tusieczyta.pl\/nowosci\/1463-nie-znajdziesz-mnie-po-sladach-stop-9788367085304.html\" target=\"_blank\" rel=\"noopener noreferrer\">Sprawd\u017a, gdzie kupi\u0107 ksi\u0105\u017ck\u0119<\/a>.<\/p>\n","protected":false},"excerpt":{"rendered":"<p>Ksi\u0105\u017cka \u201eNie znajdziesz mnie po \u015bladach st\u00f3p\u201d Sylwii B\u0142ach, z ilustracjami Karoliny Jeske, od pocz\u0105tku wywo\u0142uje rozmowy. To opowie\u015b\u0107 dla dzieci, ale r\u00f3wnie\u017c dla doros\u0142ych, kt\u00f3rzy chc\u0105 m\u0105drze i bez skr\u0119powania rozmawia\u0107 o niepe\u0142nosprawno\u015bci, codzienno\u015bci oraz r\u00f3\u017cnorodno\u015bci. Na LubimyCzyta\u0107 ksi\u0105\u017cka osi\u0105ga \u015bredni\u0105 8,9\/10 na podstawie 28 ocen i 13 opinii (stan na 20 sierpnia 2026). &#8230; <a title=\"\u201eNie znajdziesz mnie po \u015bladach st\u00f3p\u201d \u2013 opinie czytelnik\u00f3w i recenzje\" class=\"read-more\" href=\"https:\/\/nieznajdzieszmnieposladachstop.pl\/?p=40\" aria-label=\"Dowiedz si\u0119 wi\u0119cej o \u201eNie znajdziesz mnie po \u015bladach st\u00f3p\u201d \u2013 opinie czytelnik\u00f3w i recenzje\">Dowiedz si\u0119 wi\u0119cej<\/a><\/p>\n","protected":false},"author":1,"featured_media":0,"comment_status":"open","ping_status":"open","sticky":false,"template":"","format":"standard","meta":{"footnotes":""},"categories":[14],"tags":[],"class_list":["post-40","post","type-post","status-publish","format-standard","hentry","category-aktualnosci"],"_links":{"self":[{"href":"https:\/\/nieznajdzieszmnieposladachstop.pl\/index.php?rest_route=\/wp\/v2\/posts\/40","targetHints":{"allow":["GET"]}}],"collection":[{"href":"https:\/\/nieznajdzieszmnieposladachstop.pl\/index.php?rest_route=\/wp\/v2\/posts"}],"about":[{"href":"https:\/\/nieznajdzieszmnieposladachstop.pl\/index.php?rest_route=\/wp\/v2\/types\/post"}],"author":[{"embeddable":true,"href":"https:\/\/nieznajdzieszmnieposladachstop.pl\/index.php?rest_route=\/wp\/v2\/users\/1"}],"replies":[{"embeddable":true,"href":"https:\/\/nieznajdzieszmnieposladachstop.pl\/index.php?rest_route=%2Fwp%2Fv2%2Fcomments&post=40"}],"version-history":[{"count":2,"href":"https:\/\/nieznajdzieszmnieposladachstop.pl\/index.php?rest_route=\/wp\/v2\/posts\/40\/revisions"}],"predecessor-version":[{"id":47,"href":"https:\/\/nieznajdzieszmnieposladachstop.pl\/index.php?rest_route=\/wp\/v2\/posts\/40\/revisions\/47"}],"wp:attachment":[{"href":"https:\/\/nieznajdzieszmnieposladachstop.pl\/index.php?rest_route=%2Fwp%2Fv2%2Fmedia&parent=40"}],"wp:term":[{"taxonomy":"category","embeddable":true,"href":"https:\/\/nieznajdzieszmnieposladachstop.pl\/index.php?rest_route=%2Fwp%2Fv2%2Fcategories&post=40"},{"taxonomy":"post_tag","embeddable":true,"href":"https:\/\/nieznajdzieszmnieposladachstop.pl\/index.php?rest_route=%2Fwp%2Fv2%2Ftags&post=40"}],"curies":[{"name":"wp","href":"https:\/\/api.w.org\/{rel}","templated":true}]}}