{"id":42,"date":"2026-08-20T15:35:10","date_gmt":"2026-08-20T13:35:10","guid":{"rendered":"https:\/\/nieznajdzieszmnieposladachstop.pl\/?p=42"},"modified":"2026-08-21T14:57:17","modified_gmt":"2026-08-21T12:57:17","slug":"jak-rozmawiac-z-dzieckiem-o-niepelnosprawnosci-zacznij-od-uwaznego-pytania","status":"publish","type":"post","link":"https:\/\/nieznajdzieszmnieposladachstop.pl\/?p=42","title":{"rendered":"Jak rozmawia\u0107 z dzieckiem o niepe\u0142nosprawno\u015bci? Zacznij od uwa\u017cnego pytania"},"content":{"rendered":"\n<p class=\"wp-block-paragraph\">Dzieci pytaj\u0105, bo chc\u0105 zrozumie\u0107 \u015bwiat. Pytanie o w\u00f3zek, protez\u0119, spos\u00f3b poruszania si\u0119 czy widoczn\u0105 r\u00f3\u017cnic\u0119 nie musi oznacza\u0107 braku empatii. Najcz\u0119\u015bciej jest zaproszeniem do rozmowy. To od doros\u0142ych zale\u017cy, czy odpowied\u017a b\u0119dzie budowa\u0142a ciekawo\u015b\u0107, szacunek i uwa\u017cno\u015b\u0107, czy raczej dystans.<\/p>\n\n\n\n<p class=\"wp-block-paragraph\"><strong>\u201eNie znajdziesz mnie po \u015bladach st\u00f3p\u201d<\/strong> powsta\u0142o w\u0142a\u015bnie z takiego pytania: \u201eJak to jest je\u017adzi\u0107 na w\u00f3zku?\u201d. Ksi\u0105\u017cka nie daje jednej recepty, ale proponuje perspektyw\u0119 osoby, kt\u00f3rej do\u015bwiadczenie jest punktem wyj\u015bcia do opowie\u015bci o pami\u0119ci, relacjach, granicach i codzienno\u015bci.<\/p>\n\n\n\n<h2 class=\"wp-block-heading\">Pi\u0119\u0107 zasad dobrej rozmowy<\/h2>\n\n\n\n<h3 class=\"wp-block-heading\">1. Nie uciszaj pytania \u2014 pom\u00f3\u017c je nazwa\u0107<\/h3>\n\n\n\n<p class=\"wp-block-paragraph\">Zamiast zawstydza\u0107 dziecko, warto spokojnie doprecyzowa\u0107, o co chce zapyta\u0107. Mo\u017cna powiedzie\u0107: \u201eWidz\u0119, \u017ce jeste\u015b ciekawy. Spr\u00f3bujmy porozmawia\u0107 o tym z szacunkiem\u201d. Taka odpowied\u017a uczy, \u017ce ciekawo\u015b\u0107 i empatia mog\u0105 i\u015b\u0107 razem.<\/p>\n\n\n\n<h3 class=\"wp-block-heading\">2. M\u00f3w o osobie, nie o jej sprz\u0119cie lub diagnozie<\/h3>\n\n\n\n<p class=\"wp-block-paragraph\">W\u00f3zek jest wa\u017cnym elementem codzienno\u015bci, ale nie zast\u0119puje ca\u0142ej osoby. Rozmowa mo\u017ce dotyczy\u0107 zainteresowa\u0144, ulubionych zaj\u0119\u0107, emocji i relacji \u2014 wszystkiego, co tworzy cz\u0142owieka. Niepe\u0142nosprawno\u015b\u0107 jest jedn\u0105 z cech, nie ca\u0142\u0105 to\u017csamo\u015bci\u0105.<\/p>\n\n\n\n<h3 class=\"wp-block-heading\">3. Pomoc zawsze zaczynaj od pytania<\/h3>\n\n\n\n<p class=\"wp-block-paragraph\">Dobre intencje nie zwalniaj\u0105 z uwa\u017cno\u015bci. Zamiast dzia\u0142a\u0107 za kogo\u015b, lepiej zapyta\u0107: \u201eCzy mog\u0119 pom\u00f3c?\u201d. Mo\u017cna te\u017c przyj\u0105\u0107 odpowied\u017a \u201enie, dzi\u0119kuj\u0119\u201d. To prosta lekcja szacunku do samodzielno\u015bci i granic.<\/p>\n\n\n\n<h3 class=\"wp-block-heading\">4. Nie ka\u017cda historia musi zosta\u0107 opowiedziana<\/h3>\n\n\n\n<p class=\"wp-block-paragraph\">Dziecko mo\u017ce zauwa\u017cy\u0107 r\u00f3\u017cnic\u0119, ale druga osoba nie ma obowi\u0105zku t\u0142umaczy\u0107 swojego cia\u0142a, zdrowia ani \u017cyciorysu. Warto uczy\u0107, \u017ce pytanie nale\u017cy zadawa\u0107 w odpowiednim momencie i z poszanowaniem prywatno\u015bci.<\/p>\n\n\n\n<h3 class=\"wp-block-heading\">5. Si\u0119gaj po ksi\u0105\u017cki, kt\u00f3re zostawiaj\u0105 miejsce na rozmow\u0119<\/h3>\n\n\n\n<p class=\"wp-block-paragraph\">Wsp\u00f3lna lektura pomaga nazwa\u0107 emocje, zanim pojawi si\u0119 konkretna sytuacja. Recenzje ksi\u0105\u017cki Sylwii B\u0142ach cz\u0119sto zwracaj\u0105 uwag\u0119, \u017ce opowie\u015b\u0107 prowadzi do rozmowy o \u017cyciu na w\u00f3zku bez moralizowania oraz \u017ce jej \u0107wiczenia mog\u0105 sta\u0107 si\u0119 punktem wyj\u015bcia do refleksji w domu, szkole i bibliotece.<\/p>\n\n\n\n<h2 class=\"wp-block-heading\">Ksi\u0105\u017cka i warsztaty jako punkt wyj\u015bcia<\/h2>\n\n\n\n<p class=\"wp-block-paragraph\">W ksi\u0105\u017cce znajdziesz kr\u00f3tkie zadania dla dzieci, kt\u00f3re rozwijaj\u0105 kreatywno\u015b\u0107 i pomagaj\u0105 prze\u0142o\u017cy\u0107 lektur\u0119 na rozmow\u0119. Dost\u0119pny jest tak\u017ce <a href=\"https:\/\/biblioterapia.org\/biblioterapia\/scenariusze\/moje-ptaki-i-posypki\" target=\"_blank\" rel=\"noopener noreferrer\">przyk\u0142adowy scenariusz \u201eMoje ptaki i moje posypki\u201d<\/a> do samodzielnego wykorzystania. Warsztaty prowadzone przez Sylwi\u0119 B\u0142ach s\u0105 ka\u017cdorazowo przygotowywane pod konkretn\u0105 grup\u0119 odbiorc\u00f3w.<\/p>\n\n\n\n<p class=\"wp-block-paragraph\"><a href=\"https:\/\/tusieczyta.pl\/nowosci\/1463-nie-znajdziesz-mnie-po-sladach-stop-9788367085304.html\" target=\"_blank\" rel=\"noopener noreferrer\">Zobacz ksi\u0105\u017ck\u0119 \u201eNie znajdziesz mnie po \u015bladach st\u00f3p\u201d<\/a>.<\/p>\n","protected":false},"excerpt":{"rendered":"<p>Dzieci pytaj\u0105, bo chc\u0105 zrozumie\u0107 \u015bwiat. Pytanie o w\u00f3zek, protez\u0119, spos\u00f3b poruszania si\u0119 czy widoczn\u0105 r\u00f3\u017cnic\u0119 nie musi oznacza\u0107 braku empatii. Najcz\u0119\u015bciej jest zaproszeniem do rozmowy. To od doros\u0142ych zale\u017cy, czy odpowied\u017a b\u0119dzie budowa\u0142a ciekawo\u015b\u0107, szacunek i uwa\u017cno\u015b\u0107, czy raczej dystans. \u201eNie znajdziesz mnie po \u015bladach st\u00f3p\u201d powsta\u0142o w\u0142a\u015bnie z takiego pytania: \u201eJak to jest &#8230; <a title=\"Jak rozmawia\u0107 z dzieckiem o niepe\u0142nosprawno\u015bci? Zacznij od uwa\u017cnego pytania\" class=\"read-more\" href=\"https:\/\/nieznajdzieszmnieposladachstop.pl\/?p=42\" aria-label=\"Dowiedz si\u0119 wi\u0119cej o Jak rozmawia\u0107 z dzieckiem o niepe\u0142nosprawno\u015bci? Zacznij od uwa\u017cnego pytania\">Dowiedz si\u0119 wi\u0119cej<\/a><\/p>\n","protected":false},"author":1,"featured_media":0,"comment_status":"open","ping_status":"open","sticky":false,"template":"","format":"standard","meta":{"footnotes":""},"categories":[14],"tags":[],"class_list":["post-42","post","type-post","status-publish","format-standard","hentry","category-aktualnosci"],"_links":{"self":[{"href":"https:\/\/nieznajdzieszmnieposladachstop.pl\/index.php?rest_route=\/wp\/v2\/posts\/42","targetHints":{"allow":["GET"]}}],"collection":[{"href":"https:\/\/nieznajdzieszmnieposladachstop.pl\/index.php?rest_route=\/wp\/v2\/posts"}],"about":[{"href":"https:\/\/nieznajdzieszmnieposladachstop.pl\/index.php?rest_route=\/wp\/v2\/types\/post"}],"author":[{"embeddable":true,"href":"https:\/\/nieznajdzieszmnieposladachstop.pl\/index.php?rest_route=\/wp\/v2\/users\/1"}],"replies":[{"embeddable":true,"href":"https:\/\/nieznajdzieszmnieposladachstop.pl\/index.php?rest_route=%2Fwp%2Fv2%2Fcomments&post=42"}],"version-history":[{"count":2,"href":"https:\/\/nieznajdzieszmnieposladachstop.pl\/index.php?rest_route=\/wp\/v2\/posts\/42\/revisions"}],"predecessor-version":[{"id":49,"href":"https:\/\/nieznajdzieszmnieposladachstop.pl\/index.php?rest_route=\/wp\/v2\/posts\/42\/revisions\/49"}],"wp:attachment":[{"href":"https:\/\/nieznajdzieszmnieposladachstop.pl\/index.php?rest_route=%2Fwp%2Fv2%2Fmedia&parent=42"}],"wp:term":[{"taxonomy":"category","embeddable":true,"href":"https:\/\/nieznajdzieszmnieposladachstop.pl\/index.php?rest_route=%2Fwp%2Fv2%2Fcategories&post=42"},{"taxonomy":"post_tag","embeddable":true,"href":"https:\/\/nieznajdzieszmnieposladachstop.pl\/index.php?rest_route=%2Fwp%2Fv2%2Ftags&post=42"}],"curies":[{"name":"wp","href":"https:\/\/api.w.org\/{rel}","templated":true}]}}