{"id":44,"date":"2026-08-20T15:35:17","date_gmt":"2026-08-20T13:35:17","guid":{"rendered":"https:\/\/nieznajdzieszmnieposladachstop.pl\/?p=44"},"modified":"2026-08-21T14:57:12","modified_gmt":"2026-08-21T12:57:12","slug":"nie-znajdziesz-mnie-po-sladach-stop-w-finale-nagrody-literackiej-ksiegarni-kameralnych","status":"publish","type":"post","link":"https:\/\/nieznajdzieszmnieposladachstop.pl\/?p=44","title":{"rendered":"\u201eNie znajdziesz mnie po \u015bladach st\u00f3p\u201d w finale Nagrody Literackiej Ksi\u0119garni Kameralnych"},"content":{"rendered":"\n<p class=\"wp-block-paragraph\">Z ogromn\u0105 rado\u015bci\u0105 dzielimy si\u0119 wiadomo\u015bci\u0105: <strong>\u201eNie znajdziesz mnie po \u015bladach st\u00f3p\u201d<\/strong> Sylwii B\u0142ach, z ilustracjami Karoliny Jeske, znalaz\u0142o si\u0119 w fina\u0142owej pi\u0105tce Nagrody Literackiej Ksi\u0119garni Kameralnych w kategorii <strong>literatura polska dla dzieci<\/strong>.<\/p>\n\n\n\n<p class=\"wp-block-paragraph\">To pierwsza edycja wyr\u00f3\u017cnienia organizowanego przez Polsk\u0105 Izb\u0119 Ksi\u0105\u017cki. W konkursie wybrzmiewa perspektywa niezale\u017cnych ksi\u0119gar\u0144 i os\u00f3b, kt\u00f3re na co dzie\u0144 rekomenduj\u0105 ksi\u0105\u017cki swoim czytelniczkom i czytelnikom. Najpierw ksi\u0119garze zg\u0142aszali tytu\u0142y, p\u00f3\u017aniej jury wy\u0142oni\u0142o d\u0142ug\u0105 list\u0119, a w ostatnim etapie wskaza\u0142o pi\u0119\u0107 nominacji w kategorii ksi\u0105\u017cek dla dzieci.<\/p>\n\n\n\n<p class=\"wp-block-paragraph\">W fina\u0142owej pi\u0105tce obok ksi\u0105\u017cki Sylwii B\u0142ach i Karoliny Jeske znalaz\u0142y si\u0119 tytu\u0142y wydawnictw Dwie Siostry, Libra, Powergraph i Wytw\u00f3rnia. To dla nas wa\u017cne wyr\u00f3\u017cnienie, bo docenia jednocze\u015bnie tekst, ilustracje oraz miejsce ksi\u0105\u017cki w rozmowie o wsp\u00f3\u0142czesnej literaturze dzieci\u0119cej.<\/p>\n\n\n\n<h2 class=\"wp-block-heading\">G\u0142os ksi\u0119gar\u0144 ma znaczenie<\/h2>\n\n\n\n<p class=\"wp-block-paragraph\">O wyniku zdecyduj\u0105 ksi\u0119garki i ksi\u0119garze z niezale\u017cnych ksi\u0119gar\u0144 z ca\u0142ej Polski. G\u0142osowanie trwa do <strong>1 wrze\u015bnia 2026 roku<\/strong>, a laureat\u00f3w mamy pozna\u0107 we wrze\u015bniu podczas Gda\u0144skich Targ\u00f3w Ksi\u0105\u017cki.<\/p>\n\n\n\n<p class=\"wp-block-paragraph\">Je\u015bli pracujesz w niezale\u017cnej ksi\u0119garni, sprawd\u017a informacje i zasady udzia\u0142u na stronie <a href=\"https:\/\/pik.org.pl\/2026\/05\/22\/nlkk\/\" target=\"_blank\" rel=\"noopener noreferrer\">Polskiej Izby Ksi\u0105\u017cki<\/a>. Oficjalny komunikat nominacyjny opublikowa\u0142o r\u00f3wnie\u017c <a href=\"https:\/\/stl.org.pl\/nominacje-w-konkursie-o-nagrode-literacka-ksiegarni-kameralnych\/\" target=\"_blank\" rel=\"noopener noreferrer\">Stowarzyszenie T\u0142umaczy Literatury<\/a>.<\/p>\n\n\n\n<h2 class=\"wp-block-heading\">Dzi\u0119kujemy za obecno\u015b\u0107 ksi\u0105\u017cki w rozmowie<\/h2>\n\n\n\n<p class=\"wp-block-paragraph\">Ta nominacja jest dla nas sygna\u0142em, \u017ce poetycka opowie\u015b\u0107 o niepe\u0142nosprawno\u015bci, pytaniach dzieci i codziennym do\u015bwiadczeniu spotyka si\u0119 z uwa\u017cno\u015bci\u0105 \u015brodowiska ksi\u0105\u017ckowego. Dzi\u0119kujemy osobom, kt\u00f3re czytaj\u0105, polecaj\u0105, rozmawiaj\u0105 o ksi\u0105\u017cce i przekazuj\u0105 j\u0105 dalej.<\/p>\n\n\n\n<p class=\"wp-block-paragraph\"><a href=\"https:\/\/tusieczyta.pl\/nowosci\/1463-nie-znajdziesz-mnie-po-sladach-stop-9788367085304.html\" target=\"_blank\" rel=\"noopener noreferrer\">Poznaj ksi\u0105\u017ck\u0119 \u201eNie znajdziesz mnie po \u015bladach st\u00f3p\u201d<\/a>.<\/p>\n","protected":false},"excerpt":{"rendered":"<p>Z ogromn\u0105 rado\u015bci\u0105 dzielimy si\u0119 wiadomo\u015bci\u0105: \u201eNie znajdziesz mnie po \u015bladach st\u00f3p\u201d Sylwii B\u0142ach, z ilustracjami Karoliny Jeske, znalaz\u0142o si\u0119 w fina\u0142owej pi\u0105tce Nagrody Literackiej Ksi\u0119garni Kameralnych w kategorii literatura polska dla dzieci. To pierwsza edycja wyr\u00f3\u017cnienia organizowanego przez Polsk\u0105 Izb\u0119 Ksi\u0105\u017cki. W konkursie wybrzmiewa perspektywa niezale\u017cnych ksi\u0119gar\u0144 i os\u00f3b, kt\u00f3re na co dzie\u0144 rekomenduj\u0105 &#8230; <a title=\"\u201eNie znajdziesz mnie po \u015bladach st\u00f3p\u201d w finale Nagrody Literackiej Ksi\u0119garni Kameralnych\" class=\"read-more\" href=\"https:\/\/nieznajdzieszmnieposladachstop.pl\/?p=44\" aria-label=\"Dowiedz si\u0119 wi\u0119cej o \u201eNie znajdziesz mnie po \u015bladach st\u00f3p\u201d w finale Nagrody Literackiej Ksi\u0119garni Kameralnych\">Dowiedz si\u0119 wi\u0119cej<\/a><\/p>\n","protected":false},"author":1,"featured_media":0,"comment_status":"open","ping_status":"open","sticky":false,"template":"","format":"standard","meta":{"footnotes":""},"categories":[14],"tags":[],"class_list":["post-44","post","type-post","status-publish","format-standard","hentry","category-aktualnosci"],"_links":{"self":[{"href":"https:\/\/nieznajdzieszmnieposladachstop.pl\/index.php?rest_route=\/wp\/v2\/posts\/44","targetHints":{"allow":["GET"]}}],"collection":[{"href":"https:\/\/nieznajdzieszmnieposladachstop.pl\/index.php?rest_route=\/wp\/v2\/posts"}],"about":[{"href":"https:\/\/nieznajdzieszmnieposladachstop.pl\/index.php?rest_route=\/wp\/v2\/types\/post"}],"author":[{"embeddable":true,"href":"https:\/\/nieznajdzieszmnieposladachstop.pl\/index.php?rest_route=\/wp\/v2\/users\/1"}],"replies":[{"embeddable":true,"href":"https:\/\/nieznajdzieszmnieposladachstop.pl\/index.php?rest_route=%2Fwp%2Fv2%2Fcomments&post=44"}],"version-history":[{"count":2,"href":"https:\/\/nieznajdzieszmnieposladachstop.pl\/index.php?rest_route=\/wp\/v2\/posts\/44\/revisions"}],"predecessor-version":[{"id":48,"href":"https:\/\/nieznajdzieszmnieposladachstop.pl\/index.php?rest_route=\/wp\/v2\/posts\/44\/revisions\/48"}],"wp:attachment":[{"href":"https:\/\/nieznajdzieszmnieposladachstop.pl\/index.php?rest_route=%2Fwp%2Fv2%2Fmedia&parent=44"}],"wp:term":[{"taxonomy":"category","embeddable":true,"href":"https:\/\/nieznajdzieszmnieposladachstop.pl\/index.php?rest_route=%2Fwp%2Fv2%2Fcategories&post=44"},{"taxonomy":"post_tag","embeddable":true,"href":"https:\/\/nieznajdzieszmnieposladachstop.pl\/index.php?rest_route=%2Fwp%2Fv2%2Ftags&post=44"}],"curies":[{"name":"wp","href":"https:\/\/api.w.org\/{rel}","templated":true}]}}